{"@context":"https:\/\/schema.org\/","@type":"CollectionPage","@id":"https:\/\/www.cofely.cz\/byznys\/#CollectionPage","headline":"Byznys Category","description":"","url":"https:\/\/www.cofely.cz\/byznys\/","hasPart":[{"@type":"Article","@id":"https:\/\/www.cofely.cz\/jak-sehnat-firemni-sidlo\/","headline":"Jak sehnat firemn\u00ed s\u00eddlo?","url":"https:\/\/www.cofely.cz\/jak-sehnat-firemni-sidlo\/","datePublished":"2025-03-29","dateModified":"2025-03-29","mainEntityOfPage":"https:\/\/www.cofely.cz\/jak-sehnat-firemni-sidlo\/","author":{"@type":"Person","@id":"https:\/\/www.cofely.cz\/author\/#Person","name":"","url":"https:\/\/www.cofely.cz\/author\/","identifier":1,"image":{"@type":"ImageObject","@id":"https:\/\/secure.gravatar.com\/avatar\/7726f7b8e3ba8979c4cf2ad896cb2e8cc05af8ceb17ce4fb40617b72e0be53b4?s=96&d=mm&r=g","url":"https:\/\/secure.gravatar.com\/avatar\/7726f7b8e3ba8979c4cf2ad896cb2e8cc05af8ceb17ce4fb40617b72e0be53b4?s=96&d=mm&r=g","height":96,"width":96}},"publisher":{"@type":"Organization","name":"cofely.cz","logo":{"@type":"ImageObject","@id":"\/logo.png","url":"\/logo.png","width":600,"height":60}},"image":{"@type":"ImageObject","@id":"https:\/\/www.cofely.cz\/wp-content\/uploads\/ff_10_10_10_10_10_5.jpg","url":"https:\/\/www.cofely.cz\/wp-content\/uploads\/ff_10_10_10_10_10_5.jpg","height":0,"width":0},"keywords":null},{"@type":"Article","@id":"https:\/\/www.cofely.cz\/mame-doma-detske-brouzdaliste\/","headline":"M\u00e1me doma d\u011btsk\u00e9 brouzdali\u0161t\u011b","url":"https:\/\/www.cofely.cz\/mame-doma-detske-brouzdaliste\/","datePublished":"2024-11-19","dateModified":"2024-11-19","mainEntityOfPage":"https:\/\/www.cofely.cz\/mame-doma-detske-brouzdaliste\/","author":{"@type":"Person","@id":"https:\/\/www.cofely.cz\/author\/#Person","name":"","url":"https:\/\/www.cofely.cz\/author\/","identifier":1,"image":{"@type":"ImageObject","@id":"https:\/\/secure.gravatar.com\/avatar\/7726f7b8e3ba8979c4cf2ad896cb2e8cc05af8ceb17ce4fb40617b72e0be53b4?s=96&d=mm&r=g","url":"https:\/\/secure.gravatar.com\/avatar\/7726f7b8e3ba8979c4cf2ad896cb2e8cc05af8ceb17ce4fb40617b72e0be53b4?s=96&d=mm&r=g","height":96,"width":96}},"publisher":{"@type":"Organization","name":"cofely.cz","logo":{"@type":"ImageObject","@id":"\/logo.png","url":"\/logo.png","width":600,"height":60}},"image":{"@type":"ImageObject","@id":"https:\/\/www.cofely.cz\/wp-content\/uploads\/water-4260900_640_10_10.jpg","url":"https:\/\/www.cofely.cz\/wp-content\/uploads\/water-4260900_640_10_10.jpg","height":0,"width":0},"keywords":null},{"@type":"Article","@id":"https:\/\/www.cofely.cz\/kam-s-detmi-na-osetreni\/","headline":"Kam s d\u011btmi na o\u0161et\u0159en\u00ed?","url":"https:\/\/www.cofely.cz\/kam-s-detmi-na-osetreni\/","datePublished":"2024-11-09","dateModified":"2024-11-09","mainEntityOfPage":"https:\/\/www.cofely.cz\/kam-s-detmi-na-osetreni\/","author":{"@type":"Person","@id":"https:\/\/www.cofely.cz\/author\/#Person","name":"","url":"https:\/\/www.cofely.cz\/author\/","identifier":1,"image":{"@type":"ImageObject","@id":"https:\/\/secure.gravatar.com\/avatar\/7726f7b8e3ba8979c4cf2ad896cb2e8cc05af8ceb17ce4fb40617b72e0be53b4?s=96&d=mm&r=g","url":"https:\/\/secure.gravatar.com\/avatar\/7726f7b8e3ba8979c4cf2ad896cb2e8cc05af8ceb17ce4fb40617b72e0be53b4?s=96&d=mm&r=g","height":96,"width":96}},"publisher":{"@type":"Organization","name":"cofely.cz","logo":{"@type":"ImageObject","@id":"\/logo.png","url":"\/logo.png","width":600,"height":60}},"image":{"@type":"ImageObject","@id":"https:\/\/www.cofely.cz\/wp-content\/uploads\/dentist-1437430_640_10_1.jpg","url":"https:\/\/www.cofely.cz\/wp-content\/uploads\/dentist-1437430_640_10_1.jpg","height":0,"width":0},"keywords":null},{"@type":"Article","@id":"https:\/\/www.cofely.cz\/jak-se-uspesne-prestehovat-do-holandska\/","headline":"Jak se \u00fasp\u011b\u0161n\u011b p\u0159est\u011bhovat do Holandska?","url":"https:\/\/www.cofely.cz\/jak-se-uspesne-prestehovat-do-holandska\/","datePublished":"2024-10-22","dateModified":"2024-10-22","mainEntityOfPage":"https:\/\/www.cofely.cz\/jak-se-uspesne-prestehovat-do-holandska\/","author":{"@type":"Person","@id":"https:\/\/www.cofely.cz\/author\/#Person","name":"","url":"https:\/\/www.cofely.cz\/author\/","identifier":1,"image":{"@type":"ImageObject","@id":"https:\/\/secure.gravatar.com\/avatar\/7726f7b8e3ba8979c4cf2ad896cb2e8cc05af8ceb17ce4fb40617b72e0be53b4?s=96&d=mm&r=g","url":"https:\/\/secure.gravatar.com\/avatar\/7726f7b8e3ba8979c4cf2ad896cb2e8cc05af8ceb17ce4fb40617b72e0be53b4?s=96&d=mm&r=g","height":96,"width":96}},"publisher":{"@type":"Organization","name":"cofely.cz","logo":{"@type":"ImageObject","@id":"\/logo.png","url":"\/logo.png","width":600,"height":60}},"image":{"@type":"ImageObject","@id":"https:\/\/www.cofely.cz\/wp-content\/uploads\/aryan-r-Yw9zc6URiAs-unsplash.jpg","url":"https:\/\/www.cofely.cz\/wp-content\/uploads\/aryan-r-Yw9zc6URiAs-unsplash.jpg","height":0,"width":0},"keywords":null},{"@type":"Article","@id":"https:\/\/www.cofely.cz\/kdyz-je-toho-na-vas-moc-aneb-uklid-prenechejte-profesionalum\/","headline":"Kdy\u017e je toho na v\u00e1s moc aneb \u00faklid p\u0159enechejte profesion\u00e1l\u016fm","url":"https:\/\/www.cofely.cz\/kdyz-je-toho-na-vas-moc-aneb-uklid-prenechejte-profesionalum\/","datePublished":"2024-10-15","dateModified":"2024-10-15","mainEntityOfPage":"https:\/\/www.cofely.cz\/kdyz-je-toho-na-vas-moc-aneb-uklid-prenechejte-profesionalum\/","author":{"@type":"Person","@id":"https:\/\/www.cofely.cz\/author\/#Person","name":"","url":"https:\/\/www.cofely.cz\/author\/","identifier":1,"image":{"@type":"ImageObject","@id":"https:\/\/secure.gravatar.com\/avatar\/7726f7b8e3ba8979c4cf2ad896cb2e8cc05af8ceb17ce4fb40617b72e0be53b4?s=96&d=mm&r=g","url":"https:\/\/secure.gravatar.com\/avatar\/7726f7b8e3ba8979c4cf2ad896cb2e8cc05af8ceb17ce4fb40617b72e0be53b4?s=96&d=mm&r=g","height":96,"width":96}},"publisher":{"@type":"Organization","name":"cofely.cz","logo":{"@type":"ImageObject","@id":"\/logo.png","url":"\/logo.png","width":600,"height":60}},"image":{"@type":"ImageObject","@id":"https:\/\/www.cofely.cz\/wp-content\/uploads\/janitor-1357278_640_2.jpg","url":"https:\/\/www.cofely.cz\/wp-content\/uploads\/janitor-1357278_640_2.jpg","height":0,"width":0},"keywords":null},{"@type":"Article","@id":"https:\/\/www.cofely.cz\/pes-pro-kazdeho\/","headline":"Pes pro ka\u017ed\u00e9ho","url":"https:\/\/www.cofely.cz\/pes-pro-kazdeho\/","datePublished":"2024-09-16","dateModified":"2024-09-16","mainEntityOfPage":"https:\/\/www.cofely.cz\/pes-pro-kazdeho\/","author":{"@type":"Person","@id":"https:\/\/www.cofely.cz\/author\/#Person","name":"","url":"https:\/\/www.cofely.cz\/author\/","identifier":1,"image":{"@type":"ImageObject","@id":"https:\/\/secure.gravatar.com\/avatar\/7726f7b8e3ba8979c4cf2ad896cb2e8cc05af8ceb17ce4fb40617b72e0be53b4?s=96&d=mm&r=g","url":"https:\/\/secure.gravatar.com\/avatar\/7726f7b8e3ba8979c4cf2ad896cb2e8cc05af8ceb17ce4fb40617b72e0be53b4?s=96&d=mm&r=g","height":96,"width":96}},"publisher":{"@type":"Organization","name":"cofely.cz","logo":{"@type":"ImageObject","@id":"\/logo.png","url":"\/logo.png","width":600,"height":60}},"image":{"@type":"ImageObject","@id":"https:\/\/www.cofely.cz\/wp-content\/uploads\/akita-6202508_640_10_10_10_4.jpg","url":"https:\/\/www.cofely.cz\/wp-content\/uploads\/akita-6202508_640_10_10_10_4.jpg","height":0,"width":0},"keywords":null},{"@type":"Article","@id":"https:\/\/www.cofely.cz\/kolektiv-a-psychicka-pohoda\/","headline":"Kolektiv a psychick\u00e1 pohoda","url":"https:\/\/www.cofely.cz\/kolektiv-a-psychicka-pohoda\/","datePublished":"2024-09-14","dateModified":"2024-09-14","mainEntityOfPage":"https:\/\/www.cofely.cz\/kolektiv-a-psychicka-pohoda\/","author":{"@type":"Person","@id":"https:\/\/www.cofely.cz\/author\/#Person","name":"","url":"https:\/\/www.cofely.cz\/author\/","identifier":1,"image":{"@type":"ImageObject","@id":"https:\/\/secure.gravatar.com\/avatar\/7726f7b8e3ba8979c4cf2ad896cb2e8cc05af8ceb17ce4fb40617b72e0be53b4?s=96&d=mm&r=g","url":"https:\/\/secure.gravatar.com\/avatar\/7726f7b8e3ba8979c4cf2ad896cb2e8cc05af8ceb17ce4fb40617b72e0be53b4?s=96&d=mm&r=g","height":96,"width":96}},"publisher":{"@type":"Organization","name":"cofely.cz","logo":{"@type":"ImageObject","@id":"\/logo.png","url":"\/logo.png","width":600,"height":60}},"image":{"@type":"ImageObject","@id":"https:\/\/www.cofely.cz\/wp-content\/uploads\/restaurace_1.jpg","url":"https:\/\/www.cofely.cz\/wp-content\/uploads\/restaurace_1.jpg","height":0,"width":0},"keywords":null},{"@type":"Article","@id":"https:\/\/www.cofely.cz\/pronajem-leseni-spojeny-s-montazi\/","headline":"Pron\u00e1jem le\u0161en\u00ed spojen\u00fd s mont\u00e1\u017e\u00ed","url":"https:\/\/www.cofely.cz\/pronajem-leseni-spojeny-s-montazi\/","datePublished":"2024-09-14","dateModified":"2024-09-14","mainEntityOfPage":"https:\/\/www.cofely.cz\/pronajem-leseni-spojeny-s-montazi\/","author":{"@type":"Person","@id":"https:\/\/www.cofely.cz\/author\/#Person","name":"","url":"https:\/\/www.cofely.cz\/author\/","identifier":1,"image":{"@type":"ImageObject","@id":"https:\/\/secure.gravatar.com\/avatar\/7726f7b8e3ba8979c4cf2ad896cb2e8cc05af8ceb17ce4fb40617b72e0be53b4?s=96&d=mm&r=g","url":"https:\/\/secure.gravatar.com\/avatar\/7726f7b8e3ba8979c4cf2ad896cb2e8cc05af8ceb17ce4fb40617b72e0be53b4?s=96&d=mm&r=g","height":96,"width":96}},"publisher":{"@type":"Organization","name":"cofely.cz","logo":{"@type":"ImageObject","@id":"\/logo.png","url":"\/logo.png","width":600,"height":60}},"image":{"@type":"ImageObject","@id":"https:\/\/www.cofely.cz\/wp-content\/uploads\/new-building-3284911_640_2.jpg","url":"https:\/\/www.cofely.cz\/wp-content\/uploads\/new-building-3284911_640_2.jpg","height":0,"width":0},"keywords":null},{"@type":"Article","@id":"https:\/\/www.cofely.cz\/kdo-za-vas-uklidi-spolecne-prostory-v-panelaku\/","headline":"Kdo za v\u00e1s uklid\u00ed spole\u010dn\u00e9 prostory v panel\u00e1ku","url":"https:\/\/www.cofely.cz\/kdo-za-vas-uklidi-spolecne-prostory-v-panelaku\/","datePublished":"2024-08-24","dateModified":"2024-08-24","mainEntityOfPage":"https:\/\/www.cofely.cz\/kdo-za-vas-uklidi-spolecne-prostory-v-panelaku\/","author":{"@type":"Person","@id":"https:\/\/www.cofely.cz\/author\/#Person","name":"","url":"https:\/\/www.cofely.cz\/author\/","identifier":1,"image":{"@type":"ImageObject","@id":"https:\/\/secure.gravatar.com\/avatar\/7726f7b8e3ba8979c4cf2ad896cb2e8cc05af8ceb17ce4fb40617b72e0be53b4?s=96&d=mm&r=g","url":"https:\/\/secure.gravatar.com\/avatar\/7726f7b8e3ba8979c4cf2ad896cb2e8cc05af8ceb17ce4fb40617b72e0be53b4?s=96&d=mm&r=g","height":96,"width":96}},"publisher":{"@type":"Organization","name":"cofely.cz","logo":{"@type":"ImageObject","@id":"\/logo.png","url":"\/logo.png","width":600,"height":60}},"image":{"@type":"ImageObject","@id":"https:\/\/www.cofely.cz\/wp-content\/uploads\/prefabricated-house-930190_640_9.jpg","url":"https:\/\/www.cofely.cz\/wp-content\/uploads\/prefabricated-house-930190_640_9.jpg","height":0,"width":0},"keywords":null},{"@type":"Article","@id":"https:\/\/www.cofely.cz\/tapiserie-je-mozne-nechat-zrestaurovat\/","headline":"Tapis\u00e9rie je mo\u017en\u00e9 nechat zrestaurovat","url":"https:\/\/www.cofely.cz\/tapiserie-je-mozne-nechat-zrestaurovat\/","datePublished":"2024-08-13","dateModified":"2024-08-13","mainEntityOfPage":"https:\/\/www.cofely.cz\/tapiserie-je-mozne-nechat-zrestaurovat\/","author":{"@type":"Person","@id":"https:\/\/www.cofely.cz\/author\/#Person","name":"","url":"https:\/\/www.cofely.cz\/author\/","identifier":1,"image":{"@type":"ImageObject","@id":"https:\/\/secure.gravatar.com\/avatar\/7726f7b8e3ba8979c4cf2ad896cb2e8cc05af8ceb17ce4fb40617b72e0be53b4?s=96&d=mm&r=g","url":"https:\/\/secure.gravatar.com\/avatar\/7726f7b8e3ba8979c4cf2ad896cb2e8cc05af8ceb17ce4fb40617b72e0be53b4?s=96&d=mm&r=g","height":96,"width":96}},"publisher":{"@type":"Organization","name":"cofely.cz","logo":{"@type":"ImageObject","@id":"\/logo.png","url":"\/logo.png","width":600,"height":60}},"image":{"@type":"ImageObject","@id":"https:\/\/www.cofely.cz\/wp-content\/uploads\/rug-1088557_640_10_8.jpg","url":"https:\/\/www.cofely.cz\/wp-content\/uploads\/rug-1088557_640_10_8.jpg","height":0,"width":0},"keywords":null}]}