[{"@context":"https:\/\/schema.org\/","@type":"Article","@id":"https:\/\/www.cofely.cz\/co-nam-moda-prinasi\/#Article","mainEntityOfPage":"https:\/\/www.cofely.cz\/co-nam-moda-prinasi\/","headline":"Co n\u00e1m m\u00f3da p\u0159in\u00e1\u0161\u00ed","name":"Co n\u00e1m m\u00f3da p\u0159in\u00e1\u0161\u00ed","description":"O m\u00f3du se p\u0159\u00edmo zaj\u00edm\u00e1 pom\u011brn\u011b velk\u00e9 mno\u017estv\u00ed lid\u00ed. P\u0159edev\u0161\u00edm \u017eeny se j\u00ed velmi \u010dasto \u0159\u00edd\u00ed, a ka\u017edou sez\u00f3nu poctiv\u011b obm\u011b\u0148uj\u00ed sv\u016fj \u0161atn\u00edk. Zde se<p><a href=\"https:\/\/www.cofely.cz\/co-nam-moda-prinasi\/\" class=\"more-link\">Read More<span class=\"screen-reader-text\">Co n\u00e1m m\u00f3da p\u0159in\u00e1\u0161\u00ed<\/span><\/a><\/p>","datePublished":"2023-12-31","dateModified":"2023-12-31","author":{"@type":"Person","@id":"https:\/\/www.cofely.cz\/author\/#Person","name":"","url":"https:\/\/www.cofely.cz\/author\/","identifier":1,"image":{"@type":"ImageObject","@id":"https:\/\/secure.gravatar.com\/avatar\/7726f7b8e3ba8979c4cf2ad896cb2e8cc05af8ceb17ce4fb40617b72e0be53b4?s=96&d=mm&r=g","url":"https:\/\/secure.gravatar.com\/avatar\/7726f7b8e3ba8979c4cf2ad896cb2e8cc05af8ceb17ce4fb40617b72e0be53b4?s=96&d=mm&r=g","height":96,"width":96}},"publisher":{"@type":"Organization","name":"cofely.cz","logo":{"@type":"ImageObject","@id":"\/logo.png","url":"\/logo.png","width":600,"height":60}},"image":{"@type":"ImageObject","@id":"https:\/\/www.cofely.cz\/wp-content\/uploads\/moda4_10_2.jpg","url":"https:\/\/www.cofely.cz\/wp-content\/uploads\/moda4_10_2.jpg","height":0,"width":0},"url":"https:\/\/www.cofely.cz\/co-nam-moda-prinasi\/","about":["M\u00f3da"],"wordCount":436,"articleBody":"O m\u00f3du se p\u0159\u00edmo zaj\u00edm\u00e1 pom\u011brn\u011b velk\u00e9 mno\u017estv\u00ed lid\u00ed. P\u0159edev\u0161\u00edm \u017eeny se j\u00ed velmi \u010dasto \u0159\u00edd\u00ed, a ka\u017edou sez\u00f3nu poctiv\u011b obm\u011b\u0148uj\u00ed sv\u016fj \u0161atn\u00edk. Zde se v\u0161ak m\u016f\u017eeme pt\u00e1t, co jim to p\u0159in\u00e1\u0161\u00ed. Koneckonc\u016f, kdy\u017e se na to pod\u00edv\u00e1me, jde v\u00a0podstat\u011b pouze o zbyte\u010dn\u00e9 v\u00fddaje. Co n\u00e1m tedy m\u00f3da d\u00e1v\u00e1 tak u\u017eite\u010dn\u00e9ho?\u00a0\u00a0V\u011b\u0159te tomu nebo ne, hned n\u011bkolik v\u011bc\u00ed. Tou prvn\u00ed je, \u017ee v\u00edme, jak se obl\u00e9ci pro jakoukoliv p\u0159\u00edle\u017eitost, ani\u017e bychom se doslova a do p\u00edsmene ztrapnili. To ocen\u00edme, zejm\u00e9na kdy\u017e jdeme na n\u011bjakou spole\u010denskou akci nebo na d\u016fle\u017eit\u00e9 jedn\u00e1n\u00ed. Prvn\u00ed dojem b\u00fdv\u00e1 v\u00a0t\u011bchto chv\u00edl\u00edch velmi d\u016fle\u017eit\u00fd, a to, jak jsme oble\u010den\u00ed, tvo\u0159\u00ed jeho pom\u011brn\u011b velkou \u010d\u00e1st.\u00a0Nemus\u00edme se tedy b\u00e1t, pokud n\u011bkam jdeme, \u017ee si ud\u011bl\u00e1me ostudu. To by toti\u017e mohlo dokonce sn\u00ed\u017eit na\u0161e \u0161ance na \u00fasp\u011b\u0161n\u00e9 jedn\u00e1n\u00ed, p\u0159\u00edpadn\u011b na z\u00edsk\u00e1n\u00ed zam\u011bstn\u00e1n\u00ed. Tak\u00e9 budeme v\u011bd\u011bt, jak\u00fd dojem s\u00a0nejv\u011bt\u0161\u00ed pravd\u011bpodobnost\u00ed v\u00a0dan\u00e9m od\u011bvu vytvo\u0159\u00edme, a budeme tak moci ur\u010dit, jestli se shoduje s\u00a0na\u0161\u00edm \u00famyslem. A to je n\u011bco, co bychom nem\u011bli podce\u0148ovat.\u00a0\u00a0D\u00e1le je to fakt, \u017ee se tak v\u00a0podstat\u011b za\u0159azujeme do ur\u010dit\u00e9 skupiny. Kdy\u017e budeme oble\u010deni podobn\u011b podle posledn\u00edch m\u00f3dn\u00edch trend\u016f, d\u00e1v\u00e1me t\u00edm najevo, \u017ee sem pat\u0159\u00edme. A to je pro \u010dlov\u011bka dokonce \u017eivotn\u011b d\u016fle\u017eit\u00e9. Ka\u017ed\u00fd z\u00a0n\u00e1s si instinktivn\u011b hled\u00e1 skupinu, m\u00edsto, kam zapadne. A pr\u00e1v\u011b m\u00f3da pom\u00e1h\u00e1 toho dos\u00e1hnout. To je ostatn\u011b tak\u00e9 d\u016fvod, pro\u010d maj\u00ed r\u016fzn\u00e9 skupiny sv\u00e9 vlastn\u00ed konkr\u00e9tn\u00ed oble\u010den\u00ed, podle kter\u00e9ho se jej\u00ed \u010dlenov\u00e9 okam\u017eit\u011b poznaj\u00ed.\u00a0Je tedy vid\u011bt, \u017ee m\u00f3du bychom rozhodn\u011b nem\u011bli zatracovat. Pom\u016f\u017ee n\u00e1m v\u00a0mnohem v\u00edce v\u011bcech, ne\u017e bychom si mohli myslet. I kdy\u017e n\u00e1s tak \u00fapln\u011b nezaj\u00edm\u00e1, rozhodn\u011b se vyplat\u00ed ji alespo\u0148 povrchn\u011b sledovat a v\u011bd\u011bt, jak\u00fd typ oble\u010den\u00ed se tedy zrovna nos\u00ed. Tak si zbyte\u010dn\u011b neud\u011bl\u00e1me ostudu a nezma\u0159\u00edme sv\u00e9 \u0161ance. A to je dnes, v\u00a0kompetitivn\u00edm prost\u0159ed\u00ed, mnohem d\u016fle\u017eit\u011bj\u0161\u00ed ne\u017e kdy d\u0159\u00edv, a\u0165 u\u017e se n\u00e1m to l\u00edb\u00ed, nebo ne.                                                                                                                                                                                                                                                                                                                                                                                        4.5\/5 - (4 votes)        "},{"@context":"https:\/\/schema.org\/","@type":"BreadcrumbList","itemListElement":[{"@type":"ListItem","position":1,"name":"Co n\u00e1m m\u00f3da p\u0159in\u00e1\u0161\u00ed","item":"https:\/\/www.cofely.cz\/co-nam-moda-prinasi\/#breadcrumbitem"}]}]