[{"@context":"https:\/\/schema.org\/","@type":"Article","@id":"https:\/\/www.cofely.cz\/jak-se-vam-bydli-v-chorvatsku\/#Article","mainEntityOfPage":"https:\/\/www.cofely.cz\/jak-se-vam-bydli-v-chorvatsku\/","headline":"Jak se v\u00e1m bydl\u00ed v Chorvatsku","name":"Jak se v\u00e1m bydl\u00ed v Chorvatsku","description":"P\u0159edstavte si, \u017ee jste na t\u00fddenn\u00ed dovolen\u00e9 v Chorvatsku, a \u017ee se v\u00e1m pobyt kr\u00e1t\u00ed, tak\u017ee za dva dny mus\u00edte balit a odjet dom\u016f. Ka\u017ed\u00e1<p><a href=\"https:\/\/www.cofely.cz\/jak-se-vam-bydli-v-chorvatsku\/\" class=\"more-link\">Read More<span class=\"screen-reader-text\">Jak se v\u00e1m bydl\u00ed v Chorvatsku<\/span><\/a><\/p>","datePublished":"2024-05-25","dateModified":"2024-06-26","author":{"@type":"Person","@id":"https:\/\/www.cofely.cz\/author\/#Person","name":"","url":"https:\/\/www.cofely.cz\/author\/","identifier":1,"image":{"@type":"ImageObject","@id":"https:\/\/secure.gravatar.com\/avatar\/7726f7b8e3ba8979c4cf2ad896cb2e8cc05af8ceb17ce4fb40617b72e0be53b4?s=96&d=mm&r=g","url":"https:\/\/secure.gravatar.com\/avatar\/7726f7b8e3ba8979c4cf2ad896cb2e8cc05af8ceb17ce4fb40617b72e0be53b4?s=96&d=mm&r=g","height":96,"width":96}},"publisher":{"@type":"Organization","name":"cofely.cz","logo":{"@type":"ImageObject","@id":"\/logo.png","url":"\/logo.png","width":600,"height":60}},"image":{"@type":"ImageObject","@id":"https:\/\/www.cofely.cz\/wp-content\/uploads\/sea-3069243_640_1.jpg","url":"https:\/\/www.cofely.cz\/wp-content\/uploads\/sea-3069243_640_1.jpg","height":0,"width":0},"url":"https:\/\/www.cofely.cz\/jak-se-vam-bydli-v-chorvatsku\/","about":["Byznys"],"wordCount":426,"articleBody":"   P\u0159edstavte si, \u017ee jste na t\u00fddenn\u00ed dovolen\u00e9 v Chorvatsku, a \u017ee se v\u00e1m pobyt kr\u00e1t\u00ed, tak\u017ee za dva dny mus\u00edte balit a odjet dom\u016f. Ka\u017ed\u00e1 dovolen\u00e1, pokud n\u00e1s opravdu bav\u00ed, ut\u00edk\u00e1 moc rychle, a o to je to v\u017edy hor\u0161\u00ed, jestli\u017ee v\u00edme, \u017ee se do t\u011bchto m\u00edst vr\u00e1t\u00edme a\u017e za rok, a to kdov\u00ed, jestli. Co byste \u0159ekli tomu, kdyby za v\u00e1mi na pl\u00e1\u017e n\u011bkdo p\u0159i\u0161el, polo\u017eil vedle v\u00e1s na deku kl\u00ed\u010de od bytu, a ozn\u00e1mil v\u00e1m, \u017ee ten byt je v\u00e1\u0161, a \u017ee se m\u016f\u017eete p\u0159est\u011bhovat z hotelu prakticky ihned.Zpo\u010d\u00e1tku byste tomu z\u0159ejm\u011b nev\u011b\u0159ili a pova\u017eovali to za nejapn\u00fd \u017eert, ale kdyby to byla skute\u010dn\u011b pravda, je velmi pravd\u011bpodobn\u00e9, \u017ee ka\u017ed\u00fd by ihned nechal pl\u00e1\u017e pl\u00e1\u017e\u00ed, sbalil by v\u0161echny v\u011bci z hotelu a do hodiny by u\u017e ob\u00fdval nov\u00e9 prostory. S v\u011bdom\u00edm, \u017ee se nikam nemus\u00ed vracet, a \u017ee tu m\u016f\u017ee \u017e\u00edt t\u0159eba a\u017e do smrti.Tuto snovou p\u0159edstavu si m\u016f\u017ee vyplnit ka\u017ed\u00fd, kdo m\u00e1 mo\u017enost v Chorvatsku koupit nemovitost. Prodej nemovitost\u00ed v Chorvatsku https:\/\/www.najadranu.cz\/prodej\/ tak m\u016f\u017ee p\u0159in\u00e9st mnoh\u00fdm z v\u00e1s netu\u0161en\u00e9 mo\u017enosti, a jestli\u017ee v\u00e1m nevyhovuje na\u0161e st\u0159edoevropsk\u00e9 klima, a nem\u00e1te tu \u017e\u00e1dn\u00e9 vazby, kter\u00e9 by v\u00e1m br\u00e1nily ve st\u011bhov\u00e1n\u00ed, va\u0161e nov\u00e9 bydlen\u00ed v Chorvatsku bude t\u00edm, co si m\u016f\u017eete darovat t\u0159eba k narozenin\u00e1m nebo pod pomysln\u00fd v\u00e1no\u010dn\u00ed stromek.A na ot\u00e1zku, jak se v\u00e1m v Chorvatsku bydl\u00ed, pak m\u016f\u017eete odpov\u011bd\u011bt velmi snadno:Mo\u0159e \u2013 v \u010cesk\u00e9 republice \u017e\u00e1dn\u00e9 mo\u0159e nen\u00ed a my to m\u00e1me na pl\u00e1\u017e deset minut p\u011b\u0161ky. M\u016f\u017eeme si mo\u0159e u\u017e\u00edt i v zim\u011b, kdy se d\u00e1 po pl\u00e1\u017ei proch\u00e1zet naboso a touto p\u0159\u00edjemnou formou si dop\u0159\u00e1t otu\u017eovac\u00ed k\u016fru.Slunce \u2013 v Chorvatsku v\u00e1s m\u00e1lokdy zastihnou deprese, co\u017e je typick\u00e9 pro st\u0159edoevropsk\u00e9 klima, kde je v zim\u011b velmi \u010dasto zata\u017eeno n\u00edzkou inverzn\u00ed obla\u010dnost\u00ed. U mo\u0159e tak\u00e9 pochyt\u00e1me v\u00edce vitam\u00ednu D, kter\u00fd je u mnoha obyvatel \u010cesk\u00e9 republiky deficitn\u00ed.Zdrav\u011bj\u0161\u00ed strava \u2013 p\u0159e\u0161li jsme na st\u0159edomo\u0159skou stravu, kter\u00e1 je mnohem zdrav\u011bj\u0161\u00ed, ne\u017e ta staro\u010desk\u00e1.                                                                                                                                                                                                                                                                                                                                                                                          4.4\/5 - (5 votes)        "},{"@context":"https:\/\/schema.org\/","@type":"BreadcrumbList","itemListElement":[{"@type":"ListItem","position":1,"name":"Jak se v\u00e1m bydl\u00ed v Chorvatsku","item":"https:\/\/www.cofely.cz\/jak-se-vam-bydli-v-chorvatsku\/#breadcrumbitem"}]}]