[{"@context":"https:\/\/schema.org\/","@type":"Article","@id":"https:\/\/www.cofely.cz\/kam-za-kulturou\/#Article","mainEntityOfPage":"https:\/\/www.cofely.cz\/kam-za-kulturou\/","headline":"Kam za kulturou","name":"Kam za kulturou","description":"V dne\u0161n\u00ed dob\u011b je ka\u017ed\u00e9 velk\u00e9 m\u011bsto pln\u00e9 kin, divadel a j\u00e1 nev\u00edm \u010deho je\u0161t\u011b, aby \u010dlov\u011bk mohl utratit trochu toho vz\u00e1cn\u011b voln\u00e9ho \u010dasu. Na<p><a href=\"https:\/\/www.cofely.cz\/kam-za-kulturou\/\" class=\"more-link\">Read More<span class=\"screen-reader-text\">Kam za kulturou<\/span><\/a><\/p>","datePublished":"2024-03-05","dateModified":"2024-03-05","author":{"@type":"Person","@id":"https:\/\/www.cofely.cz\/author\/#Person","name":"","url":"https:\/\/www.cofely.cz\/author\/","identifier":1,"image":{"@type":"ImageObject","@id":"https:\/\/secure.gravatar.com\/avatar\/7726f7b8e3ba8979c4cf2ad896cb2e8cc05af8ceb17ce4fb40617b72e0be53b4?s=96&d=mm&r=g","url":"https:\/\/secure.gravatar.com\/avatar\/7726f7b8e3ba8979c4cf2ad896cb2e8cc05af8ceb17ce4fb40617b72e0be53b4?s=96&d=mm&r=g","height":96,"width":96}},"publisher":{"@type":"Organization","name":"cofely.cz","logo":{"@type":"ImageObject","@id":"\/logo.png","url":"\/logo.png","width":600,"height":60}},"image":{"@type":"ImageObject","@id":"https:\/\/www.cofely.cz\/wp-content\/uploads\/movie-theater-2502213_640_5.jpg","url":"https:\/\/www.cofely.cz\/wp-content\/uploads\/movie-theater-2502213_640_5.jpg","height":0,"width":0},"url":"https:\/\/www.cofely.cz\/kam-za-kulturou\/","about":["Kultura"],"wordCount":430,"articleBody":"V dne\u0161n\u00ed dob\u011b je ka\u017ed\u00e9 velk\u00e9 m\u011bsto pln\u00e9 kin, divadel a j\u00e1 nev\u00edm \u010deho je\u0161t\u011b, aby \u010dlov\u011bk mohl utratit trochu toho vz\u00e1cn\u011b voln\u00e9ho \u010dasu. Na vesnic\u00edch tomu tak ji\u017e d\u00e1vno nen\u00ed. Netu\u0161\u00edm, jak je mo\u017en\u00e9, \u017ee za vl\u00e1dy jedn\u00e9 strany bylo kino v\u0161ude a u\u017eivilo se. Ale to nen\u00ed p\u0159edm\u011btem \u010dl\u00e1nku. Kdy\u017e se \u010dlov\u011bk chce kulturn\u011b obohatit, mus\u00ed volit nejen to co mu vyhovuje, ale tak\u00e9 to, co m\u00e1 n\u011bjakou tu kulturn\u00ed \u00farove\u0148. Tak\u017ee n\u011bjakou klasiku, proto\u017ee tu \u00farove\u0148\u00a0nelze ur\u010dit zcela jednozna\u010dn\u011b. Nikde nen\u00ed d\u00e1no n\u011bjak\u00fdm z\u00e1konem \u010di n\u011b\u010d\u00edm jin\u00fdm, kde vlastn\u011b kon\u010d\u00ed plytk\u00e1 z\u00e1bava a za\u010d\u00edn\u00e1 kultura.Jedno je jist\u00e9. Nev\u00edm, zda lze hovo\u0159it o kulturn\u00edm z\u00e1\u017eitku, kdy\u017e jdu v ned\u011bli na z\u00e1pas tam, kde se jeden \u010dlov\u011bk pokou\u0161\u00ed druh\u00e9mu rozb\u00edt hlavu. Takt\u00e9\u017e n\u00e1v\u0161t\u011bva filmov\u00e9ho p\u0159edstaven\u00ed s kreslen\u00fdm filmem nebude asi to prav\u00e9 o\u0159echov\u00e9, ale to se zase bude l\u00edbit d\u011btem. V t\u00e9to situaci je t\u0159eba \u0159\u00e1dn\u011b uv\u00e1\u017eit, zda chceme vypadat jako kulturn\u00ed \u010dlov\u011bk nebo ne. Mn\u011b osobn\u011b by to bylo jedno, jen kdy\u017e by se pobavily d\u011bti. Proto\u017ee jejich sm\u00edch je pro mne tou nejv\u011bt\u0161\u00ed kulturou na cel\u00e9m sv\u011bt\u011b a komu to vad\u00ed, a\u0165 si jde \u010d\u00edst t\u0159eba Balzaca. Co\u017e se zase nel\u00edb\u00ed mn\u011b, a proto jsem od n\u011bj p\u0159e\u010detla jen p\u00e1r stran. \u00a0Mimochodem, v\u00edte, kolik lid\u00ed chod\u00ed do divadla jen proto, aby se uk\u00e1zali, jac\u00ed to jsou kulturn\u011b vzd\u011blan\u00ed lid\u00e9? Pak se tam dv\u011b hodiny siln\u011b nud\u00ed a nejrad\u011bji y vyt\u00e1hli mobil a hr\u00e1li krte\u010dkova dobrodru\u017estv\u00ed, ale v\u011bd\u00ed, \u017ee by je mohl n\u011bkdo vid\u011bt, a tak si to prom\u00edtaj\u00ed jen tak v duchu. Kultura je ulo\u017eena v soch\u00e1ch, stavb\u00e1ch, ale ponejv\u00edce v knih\u00e1ch. Ty \u010dte snad v\u011bt\u0161ina lid\u00ed. N\u011bkdo v\u00edce n\u011bkdo m\u00e9n\u011b. A pokud n\u011bkdo \u010dte jen \u010dervenou knihovnu, nebo krv\u00e1ky z divok\u00e9ho z\u00e1padu, je to jeho v\u011bc. Prost\u011b ho to bav\u00ed v\u00edce ne\u017e se prokous\u00e1vat slo\u017eitostmi ji\u017e v\u00fd\u0161e citovan\u00e9ho pana Balzaca, \u010di nedejbo\u017ee Shakespeara. N\u011bkde jsem zaslechla, \u017ee ani neum\u011bl po\u0159\u00e1dn\u011b anglicky, tak co s n\u00edm \u017ee ano. \u00a0                                                                                                                                                                                                                                                                                                                                                                                        4.4\/5 - (9 votes)        "},{"@context":"https:\/\/schema.org\/","@type":"BreadcrumbList","itemListElement":[{"@type":"ListItem","position":1,"name":"Kam za kulturou","item":"https:\/\/www.cofely.cz\/kam-za-kulturou\/#breadcrumbitem"}]}]