[{"@context":"https:\/\/schema.org\/","@type":"Article","@id":"https:\/\/www.cofely.cz\/kancelarsky-nabytek\/#Article","mainEntityOfPage":"https:\/\/www.cofely.cz\/kancelarsky-nabytek\/","headline":"Kancel\u00e1\u0159sk\u00fd n\u00e1bytek","name":"Kancel\u00e1\u0159sk\u00fd n\u00e1bytek","description":"Nov\u00fd vnese do va\u0161\u00ed kancel\u00e1\u0159e,do cel\u00e9 va\u0161\u00ed firmy nov\u00fd vzduch, novou atmosf\u00e9ru. Nechcete se p\u0159ece d\u00edvat na v\u00e1\u0161 star\u00fd opr\u00fdskan\u00fd n\u00e1bytek. Nechcete p\u0159ece zv\u00e1t n\u00e1v\u0161t\u011bvy<p><a href=\"https:\/\/www.cofely.cz\/kancelarsky-nabytek\/\" class=\"more-link\">Read More<span class=\"screen-reader-text\">Kancel\u00e1\u0159sk\u00fd n\u00e1bytek<\/span><\/a><\/p>","datePublished":"2024-12-22","dateModified":"2024-12-22","author":{"@type":"Person","@id":"https:\/\/www.cofely.cz\/author\/#Person","name":"","url":"https:\/\/www.cofely.cz\/author\/","identifier":1,"image":{"@type":"ImageObject","@id":"https:\/\/secure.gravatar.com\/avatar\/7726f7b8e3ba8979c4cf2ad896cb2e8cc05af8ceb17ce4fb40617b72e0be53b4?s=96&d=mm&r=g","url":"https:\/\/secure.gravatar.com\/avatar\/7726f7b8e3ba8979c4cf2ad896cb2e8cc05af8ceb17ce4fb40617b72e0be53b4?s=96&d=mm&r=g","height":96,"width":96}},"publisher":{"@type":"Organization","name":"cofely.cz","logo":{"@type":"ImageObject","@id":"\/logo.png","url":"\/logo.png","width":600,"height":60}},"url":"https:\/\/www.cofely.cz\/kancelarsky-nabytek\/","wordCount":192,"articleBody":"Nov\u00fd vnese do va\u0161\u00ed kancel\u00e1\u0159e,do cel\u00e9 va\u0161\u00ed firmy nov\u00fd vzduch, novou atmosf\u00e9ru. Nechcete se p\u0159ece d\u00edvat na v\u00e1\u0161 star\u00fd opr\u00fdskan\u00fd n\u00e1bytek. Nechcete p\u0159ece zv\u00e1t n\u00e1v\u0161t\u011bvy do kancel\u00e1\u0159e, kter\u00e1 v\u00e1m samotn\u00fdm nel\u00edb\u00ed. Jd\u011bte s dobou a po\u0159i\u010fte si nov\u00fd kancel\u00e1\u0159sk\u00fd n\u00e1bytek od na\u0161\u00ed spole\u010dnosti. Jsme spole\u010dnost B2B Partners a va\u0161i kancel\u00e1\u0159 vybav\u00edme kompletn\u011b. A nejen va\u0161i kancel\u00e1\u0159. Vybav\u00edme v\u00e1m i prodejnu, sklad, d\u00edlnu. Vybav\u00edme v\u00e1m ve\u0161ker\u00e9 va\u0161e provozy. Kvalitn\u011b, levn\u011b a se skv\u011bl\u00fdm poradensk\u00fdm servisem. Zbo\u017e\u00ed v\u00e1m za\u0161leme zdarma, t\u00edm je\u0161t\u011b v\u00edce \u0161et\u0159\u00edme va\u0161e n\u00e1klady. Sestavy kancel\u00e1\u0159sk\u00e9ho n\u00e1bytku Kancel\u00e1\u0159sk\u00fd n\u00e1bytek si m\u016f\u017eete vyb\u00edrat po \u010d\u00e1stech. Nap\u0159\u00edklad si nejd\u0159\u00edve po\u0159\u00edd\u00edte v\u00e1\u0161 nov\u00fd psac\u00ed st\u016fl, kancel\u00e1\u0159skou \u017eidli a a\u017e pot\u00e9 reg\u00e1ly \u010di sk\u0159\u00edn\u011b. Nebo si u n\u00e1s m\u016f\u017eete koupit ji\u017e hotov\u00e9 sestavy kancel\u00e1\u0159sk\u00e9ho n\u00e1bytku za skv\u011bl\u00e9 ceny.                                                                                                                                                                                                                                                                                                                                                                                        5\/5 - (2 votes)        "},{"@context":"https:\/\/schema.org\/","@type":"BreadcrumbList","itemListElement":[{"@type":"ListItem","position":1,"name":"Kancel\u00e1\u0159sk\u00fd n\u00e1bytek","item":"https:\/\/www.cofely.cz\/kancelarsky-nabytek\/#breadcrumbitem"}]}]