[{"@context":"https:\/\/schema.org\/","@type":"Article","@id":"https:\/\/www.cofely.cz\/proc-je-dnes-spolecnost-tak-rozdelena\/#Article","mainEntityOfPage":"https:\/\/www.cofely.cz\/proc-je-dnes-spolecnost-tak-rozdelena\/","headline":"Pro\u010d je dnes spole\u010dnost tak rozd\u011blen\u00e1","name":"Pro\u010d je dnes spole\u010dnost tak rozd\u011blen\u00e1","description":"Internet je pom\u011brn\u011b zvl\u00e1\u0161tn\u00edm m\u00edstem. Specifick\u00fd je t\u00edm, \u017ee nab\u00edz\u00ed alespo\u0148 \u010d\u00e1ste\u010dnou anonymitu, \u010deho\u017e lid\u00e9 zhusta vyu\u017e\u00edvaj\u00ed. Neboj\u00ed se toti\u017e tak vyj\u00e1d\u0159it sv\u00e9 skute\u010dn\u00e9 n\u00e1zory,<p><a href=\"https:\/\/www.cofely.cz\/proc-je-dnes-spolecnost-tak-rozdelena\/\" class=\"more-link\">Read More<span class=\"screen-reader-text\">Pro\u010d je dnes spole\u010dnost tak rozd\u011blen\u00e1<\/span><\/a><\/p>","datePublished":"2023-10-19","dateModified":"2023-10-19","author":{"@type":"Person","@id":"https:\/\/www.cofely.cz\/author\/#Person","name":"","url":"https:\/\/www.cofely.cz\/author\/","identifier":1,"image":{"@type":"ImageObject","@id":"https:\/\/secure.gravatar.com\/avatar\/7726f7b8e3ba8979c4cf2ad896cb2e8cc05af8ceb17ce4fb40617b72e0be53b4?s=96&d=mm&r=g","url":"https:\/\/secure.gravatar.com\/avatar\/7726f7b8e3ba8979c4cf2ad896cb2e8cc05af8ceb17ce4fb40617b72e0be53b4?s=96&d=mm&r=g","height":96,"width":96}},"publisher":{"@type":"Organization","name":"cofely.cz","logo":{"@type":"ImageObject","@id":"\/logo.png","url":"\/logo.png","width":600,"height":60}},"image":{"@type":"ImageObject","@id":"https:\/\/www.cofely.cz\/wp-content\/uploads\/spolecnost2_4.jpg","url":"https:\/\/www.cofely.cz\/wp-content\/uploads\/spolecnost2_4.jpg","height":0,"width":0},"url":"https:\/\/www.cofely.cz\/proc-je-dnes-spolecnost-tak-rozdelena\/","about":["Spole\u010dnost"],"wordCount":441,"articleBody":"Internet je pom\u011brn\u011b zvl\u00e1\u0161tn\u00edm m\u00edstem. Specifick\u00fd je t\u00edm, \u017ee nab\u00edz\u00ed alespo\u0148 \u010d\u00e1ste\u010dnou anonymitu, \u010deho\u017e lid\u00e9 zhusta vyu\u017e\u00edvaj\u00ed. Neboj\u00ed se toti\u017e tak vyj\u00e1d\u0159it sv\u00e9 skute\u010dn\u00e9 n\u00e1zory, bez ohledu na to, jak extr\u00e9mn\u00ed se mohou zd\u00e1t. A nikde to nen\u00ed vid\u011bt v\u00edce ne\u017e v\u00a0nejr\u016fzn\u011bj\u0161\u00edch diskus\u00edch \u010di koment\u00e1\u0159\u00edch na soci\u00e1ln\u00edch s\u00edt\u00edch. Sta\u010d\u00ed si jich p\u0159e\u010d\u00edst jen p\u00e1r a vid\u00edme, \u017ee na\u0161e spole\u010dnost je v\u00a0podstat\u011b rozd\u011blen\u00e1.\u00a0A\u0165 u\u017e se jedn\u00e1 o jak\u00fdkoliv probl\u00e9m, jakoukoliv v\u011bc, t\u00e9m\u011b\u0159 v\u017edy se lid\u00e9 rozd\u011bl\u00ed na dva t\u00e1bory. A nen\u00ed n\u00e1hodou, \u017ee stejn\u00e9 skupiny lid\u00ed vol\u00ed t\u00e9m\u011b\u0159 v\u017edy stejn\u00fd t\u00e1bor. To samoz\u0159ejm\u011b nen\u00ed nic dobr\u00e9ho \u2013 spole\u010dn\u011b m\u00e1me mnohem v\u011bt\u0161\u00ed nad\u011bji, \u017ee dan\u00e9 probl\u00e9my vy\u0159e\u0161\u00edme. Ukazuje se v\u0161ak, \u017ee toho nejsp\u00ed\u0161e nejsme schopni.\u00a0\u00a0Pravda, nen\u00ed to \u00fapln\u011b nov\u00e1 v\u011bc, a ani specificky \u010desk\u00e1. Dokonce by se dalo \u0159\u00edci, \u017ee se jedn\u00e1 o n\u011bco, co je typick\u00e9 pro velkou v\u011bt\u0161inu lidsk\u00fdch spole\u010dnost\u00ed. A je jasn\u00e9, \u017ee to nen\u00ed n\u00e1hoda. Ukazuje se v\u0161ak, \u017ee na\u0161e vrozen\u00e1 povaha za to m\u016f\u017ee jen z\u010d\u00e1sti.\u00a0Jist\u011b, tato mentalita pom\u00e1hala na\u0161im p\u0159edk\u016fm p\u0159e\u017e\u00edt, nebo\u0165 v\u00a0nich vzbuzovala p\u0159irozenou ned\u016fv\u011bru k\u00a0ostatn\u00edm kmen\u016fm, d\u00edky \u010demu\u017e se vyhnuli nap\u0159\u00edklad p\u0159ekvapiv\u00e9mu \u00fatoku. Dnes je v\u0161ak jin\u00e1 doba a ukazuje se, \u017ee tento p\u0159\u00edstup je zastaral\u00fd. To v\u0161ak neznamen\u00e1, \u017ee by nemohl b\u00fdt p\u0159i\u017eivov\u00e1n.\u00a0\u00a0Toto rozd\u011blen\u00ed toti\u017e zna\u010dn\u011b podporuj\u00ed mnoz\u00ed politici nap\u0159\u00ed\u010d cel\u00fdm politick\u00fdm spektrem. Jim osobn\u011b toti\u017e pom\u00e1h\u00e1, nebo\u0165 st\u00e1le v\u00edce zatvrzuje sv\u00e9 voli\u010de, d\u00edky \u010demu\u017e tito budou volit st\u00e1le stejnou stranu. Nav\u00edc, \u010d\u00edm radik\u00e1ln\u011bj\u0161\u00ed budou, t\u00edm sp\u00ed\u0161e k\u00a0volb\u00e1m p\u0159ijdou, a t\u00edm v\u00edce hlas\u016f budou m\u00edt. A o to jim jde p\u0159edev\u0161\u00edm. Navzdory tomu, co tvrd\u00ed ve sv\u00fdch p\u0159edvolebn\u00edch kampan\u00edch, rozhodn\u011b u nich nejsou lid\u00e9 na prvn\u00edm m\u00edst\u011b.\u00a0Co m\u016f\u017eeme d\u011blat proti tomu, aby se n\u00e1s to net\u00fdkalo? Popravd\u011b, p\u0159\u00edli\u0161 mnoho ne. Snad jedin\u011b sna\u017eit se hledat nezaujat\u00e9 informace, co\u017e m\u016f\u017ee b\u00fdt i v\u00a0dne\u0161n\u00ed dob\u011b velmi t\u011b\u017ek\u00e9. Nic jin\u00e9ho n\u00e1m ale prost\u011b a jednodu\u0161e nezb\u00fdv\u00e1.                                                                                                                                                                                                                                                                                                                                                                                        3.8\/5 - (6 votes)        "},{"@context":"https:\/\/schema.org\/","@type":"BreadcrumbList","itemListElement":[{"@type":"ListItem","position":1,"name":"Pro\u010d je dnes spole\u010dnost tak rozd\u011blen\u00e1","item":"https:\/\/www.cofely.cz\/proc-je-dnes-spolecnost-tak-rozdelena\/#breadcrumbitem"}]}]