[{"@context":"https:\/\/schema.org\/","@type":"Article","@id":"https:\/\/www.cofely.cz\/propagace-to-musi-byt\/#Article","mainEntityOfPage":"https:\/\/www.cofely.cz\/propagace-to-musi-byt\/","headline":"Propagace? To mus\u00ed b\u00fdt!","name":"Propagace? To mus\u00ed b\u00fdt!","description":"Uva\u017eovala jsem o reklamn\u00ed vlajce pro svoji malou firmu. Vrhla jsem se na hled\u00e1n\u00ed nejlep\u0161\u00edch variant, hled\u00e1n\u00ed nejlep\u0161\u00edch dodavatel\u016f, hled\u00e1n\u00ed nejlep\u0161\u00edch grafik\u016f, text\u016f, obr\u00e1zk\u016f, fotograf\u016f<p><a href=\"https:\/\/www.cofely.cz\/propagace-to-musi-byt\/\" class=\"more-link\">Read More<span class=\"screen-reader-text\">Propagace? To mus\u00ed b\u00fdt!<\/span><\/a><\/p>","datePublished":"2024-12-17","dateModified":"2024-12-17","author":{"@type":"Person","@id":"https:\/\/www.cofely.cz\/author\/#Person","name":"","url":"https:\/\/www.cofely.cz\/author\/","identifier":1,"image":{"@type":"ImageObject","@id":"https:\/\/secure.gravatar.com\/avatar\/7726f7b8e3ba8979c4cf2ad896cb2e8cc05af8ceb17ce4fb40617b72e0be53b4?s=96&d=mm&r=g","url":"https:\/\/secure.gravatar.com\/avatar\/7726f7b8e3ba8979c4cf2ad896cb2e8cc05af8ceb17ce4fb40617b72e0be53b4?s=96&d=mm&r=g","height":96,"width":96}},"publisher":{"@type":"Organization","name":"cofely.cz","logo":{"@type":"ImageObject","@id":"\/logo.png","url":"\/logo.png","width":600,"height":60}},"url":"https:\/\/www.cofely.cz\/propagace-to-musi-byt\/","wordCount":161,"articleBody":"Uva\u017eovala jsem o reklamn\u00ed vlajce pro svoji malou firmu. Vrhla jsem se na hled\u00e1n\u00ed nejlep\u0161\u00edch variant, hled\u00e1n\u00ed nejlep\u0161\u00edch dodavatel\u016f, hled\u00e1n\u00ed nejlep\u0161\u00edch grafik\u016f, text\u016f, obr\u00e1zk\u016f, fotograf\u016f a mnoha dal\u0161\u00edch v\u011bc\u00ed. Zjistila jsem ale, \u017ee mimo tohoto zp\u016fsobu propagace tak\u00e9 existuj\u00ed r\u016fzn\u00e9 dal\u0161\u00ed druhy podobn\u00fdch reklamn\u00edch materi\u00e1l\u016f. Nap\u0159\u00edklad jsou to stany. No, dlouho mi to nep\u0159i\u0161lo zaj\u00edmav\u00e9, ale kdy\u017e tak o to uva\u017euji, p\u0159em\u00fd\u0161l\u00edm, jestli to nen\u00ed spr\u00e1vn\u00e1 volba. Stan m\u016f\u017eete m\u00edt nap\u0159\u00edklad n\u016f\u017ekov\u00fd, hv\u011bzdicov\u00fd \u010di tak\u00e9 pneumatick\u00fd. To je docela zaj\u00edmav\u00e1 my\u0161lenka, \u017ee? Mo\u017en\u00e1 je to a\u017e p\u0159\u00edli\u0161! Kdy\u017e jsem to probrala s kolegy a s rodinou, uv\u011bdomila jsem si, \u017ee by takov\u00fd stan byl mo\u017en\u00e1 zbyte\u010dn\u011b ok\u00e1zal\u00fdm prvkem a hlavn\u011b by pom\u011brn\u011b hodn\u011b moment\u00e1ln\u011b zat\u00ed\u017eil n\u00e1\u0161 rozpo\u010det.                                                                                                                                                                                                                                                                                                                                                                                        3.7\/5 - (6 votes)        "},{"@context":"https:\/\/schema.org\/","@type":"BreadcrumbList","itemListElement":[{"@type":"ListItem","position":1,"name":"Propagace? To mus\u00ed b\u00fdt!","item":"https:\/\/www.cofely.cz\/propagace-to-musi-byt\/#breadcrumbitem"}]}]